{"id":174,"date":"2016-09-25T01:08:55","date_gmt":"2016-09-24T23:08:55","guid":{"rendered":"http:\/\/ferienwohnung-in-westerstede.de\/?p=174"},"modified":"2016-09-25T01:09:20","modified_gmt":"2016-09-24T23:09:20","slug":"touristik-westerstede","status":"publish","type":"post","link":"http:\/\/ferienwohnung-in-westerstede.de\/?p=174","title":{"rendered":"Touristik Westerstede"},"content":{"rendered":"<p>Wer Radfahren und Wandern in wundersch\u00f6ner Natur liebt, wird Westerstede m\u00f6gen. Umgeben von farbenpr\u00e4chtigen G\u00e4rten und gr\u00fcnen Parks in der einzigartigen Kulturlandschaft des Landkreises Ammerland, zieht die liebenswerte Stadt im Nordwesten Niedersachsens jedes Jahr unz\u00e4hlige Besucher an. Ihr beschauliches Stadtzentrum mit Fu\u00dfg\u00e4ngerzone, ein dichtes Rad- und Wanderwegenetz ins Umland und eine gro\u00dfe Vielfalt an Freizeitm\u00f6glichkeiten laden zur aktiven Entspannung ein.<\/p>\n<p class=\"bodytext\">Fahrradtouren und Wanderungen zwischen Baumschulen, Wiesen und idyllischen D\u00f6rfern verbunden mit der Einkehr in eines der vielen gastfreundlichen Caf\u00e9s und Restaurants: Ihr Urlaub in Westerstede ist ein besonderes Erlebnis. Als \u201eGesundheitsstadt im Gr\u00fcnen\u201c hat sich der staatlich anerkannte Erholungsort bereits einen Namen gemacht. Mit der RHODO, Europas gr\u00f6\u00dfter Rhododendronschau, verwandelt sich der Stadtkern von Westerstede alle vier Jahre im Mai in ein farbenfrohes Bl\u00fctenmeer mit Erlebnisausstellung und Aktivit\u00e4ten f\u00fcr Gro\u00df und Klein. Ein Mekka f\u00fcr Pflanzenprofis, Garten- und Naturliebhaber sowie Unternehmungslustige.<\/p>\n<p class=\"bodytext\">Alle Infos gibt es bei der Touristik Westerstede:<\/p>\n<p class=\"bodytext\"><a href=\"http:\/\/www.westerstede-touristik.de\/startseite\/\" target=\"_blank\">Touristik Westerstede<\/a><\/p>\n","protected":false},"excerpt":{"rendered":"<p>Wer Radfahren und Wandern in wundersch\u00f6ner Natur liebt, wird Westerstede m\u00f6gen. Umgeben von farbenpr\u00e4chtigen G\u00e4rten und gr\u00fcnen Parks in der einzigartigen Kulturlandschaft des Landkreises Ammerland, zieht die liebenswerte Stadt im Nordwesten Niedersachsens jedes Jahr unz\u00e4hlige Besucher an. Ihr beschauliches Stadtzentrum mit Fu\u00dfg\u00e4ngerzone, ein dichtes Rad- und Wanderwegenetz ins Umland und eine gro\u00dfe Vielfalt an Freizeitm\u00f6glichkeiten &hellip; <\/p>\n<p><a class=\"more-link btn\" href=\"http:\/\/ferienwohnung-in-westerstede.de\/?p=174\">Weiterlesen<\/a><\/p>\n","protected":false},"author":1,"featured_media":175,"comment_status":"closed","ping_status":"open","sticky":false,"template":"","format":"standard","meta":[],"categories":[5],"tags":[],"_links":{"self":[{"href":"http:\/\/ferienwohnung-in-westerstede.de\/index.php?rest_route=\/wp\/v2\/posts\/174"}],"collection":[{"href":"http:\/\/ferienwohnung-in-westerstede.de\/index.php?rest_route=\/wp\/v2\/posts"}],"about":[{"href":"http:\/\/ferienwohnung-in-westerstede.de\/index.php?rest_route=\/wp\/v2\/types\/post"}],"author":[{"embeddable":true,"href":"http:\/\/ferienwohnung-in-westerstede.de\/index.php?rest_route=\/wp\/v2\/users\/1"}],"replies":[{"embeddable":true,"href":"http:\/\/ferienwohnung-in-westerstede.de\/index.php?rest_route=%2Fwp%2Fv2%2Fcomments&post=174"}],"version-history":[{"count":2,"href":"http:\/\/ferienwohnung-in-westerstede.de\/index.php?rest_route=\/wp\/v2\/posts\/174\/revisions"}],"predecessor-version":[{"id":177,"href":"http:\/\/ferienwohnung-in-westerstede.de\/index.php?rest_route=\/wp\/v2\/posts\/174\/revisions\/177"}],"wp:featuredmedia":[{"embeddable":true,"href":"http:\/\/ferienwohnung-in-westerstede.de\/index.php?rest_route=\/wp\/v2\/media\/175"}],"wp:attachment":[{"href":"http:\/\/ferienwohnung-in-westerstede.de\/index.php?rest_route=%2Fwp%2Fv2%2Fmedia&parent=174"}],"wp:term":[{"taxonomy":"category","embeddable":true,"href":"http:\/\/ferienwohnung-in-westerstede.de\/index.php?rest_route=%2Fwp%2Fv2%2Fcategories&post=174"},{"taxonomy":"post_tag","embeddable":true,"href":"http:\/\/ferienwohnung-in-westerstede.de\/index.php?rest_route=%2Fwp%2Fv2%2Ftags&post=174"}],"curies":[{"name":"wp","href":"https:\/\/api.w.org\/{rel}","templated":true}]}}